[{"@context":"https:\/\/schema.org\/","@type":"Article","@id":"https:\/\/www.id2.cz\/reklamni-hrnky-jako-darek-k-vanocum\/#Article","mainEntityOfPage":"https:\/\/www.id2.cz\/reklamni-hrnky-jako-darek-k-vanocum\/","headline":"Reklamn\u00ed hrnky jako d\u00e1rek k V\u00e1noc\u016fm","name":"Reklamn\u00ed hrnky jako d\u00e1rek k V\u00e1noc\u016fm","description":"Potiskem hrnk\u016f se zab\u00fdv\u00e1 \u0159ada firem a je to jedna z nejobl\u00edben\u011bj\u0161\u00edch z\u00e1le\u017eitost\u00ed v tomto oboru. Hrnek je toti\u017e st\u00e1le na o\u010d\u00edch po celou dobu, kdy v n\u011bm m\u00e1me \u010daj nebo k\u00e1vu, a je na\u0161\u00edm pr\u016fvodcem v kancel\u00e1\u0159i, a\u0165 u\u017e pracujeme u sv\u00e9ho zam\u011bstnavatele nebo z domova. Hrnek b\u00fdv\u00e1 v zorn\u00e9m \u00fahlu i n\u011bkolik hodin","datePublished":"2023-11-11","dateModified":"2023-11-11","author":{"@type":"Person","@id":"https:\/\/www.id2.cz\/author\/#Person","name":"","url":"https:\/\/www.id2.cz\/author\/","identifier":1,"image":{"@type":"ImageObject","@id":"https:\/\/secure.gravatar.com\/avatar\/4e6a74466e4227c12d5306875d08720cdfce3572213740db6f4a2e5e46e710ff?s=96&d=mm&r=g","url":"https:\/\/secure.gravatar.com\/avatar\/4e6a74466e4227c12d5306875d08720cdfce3572213740db6f4a2e5e46e710ff?s=96&d=mm&r=g","height":96,"width":96}},"publisher":{"@type":"Organization","name":"id2.cz","logo":{"@type":"ImageObject","@id":"\/logo.png","url":"\/logo.png","width":600,"height":60}},"image":{"@type":"ImageObject","@id":"https:\/\/www.id2.cz\/wp-content\/uploads\/coffee-1583541_640.jpg","url":"https:\/\/www.id2.cz\/wp-content\/uploads\/coffee-1583541_640.jpg","height":0,"width":0},"url":"https:\/\/www.id2.cz\/reklamni-hrnky-jako-darek-k-vanocum\/","about":["Zbo\u017e\u00ed"],"wordCount":440,"articleBody":"   Potiskem hrnk\u016f se zab\u00fdv\u00e1 \u0159ada firem a je to jedna z nejobl\u00edben\u011bj\u0161\u00edch z\u00e1le\u017eitost\u00ed v tomto oboru. Hrnek je toti\u017e st\u00e1le na o\u010d\u00edch po celou dobu, kdy v n\u011bm m\u00e1me \u010daj nebo k\u00e1vu, a je na\u0161\u00edm pr\u016fvodcem v kancel\u00e1\u0159i, a\u0165 u\u017e pracujeme u sv\u00e9ho zam\u011bstnavatele nebo z domova. Hrnek b\u00fdv\u00e1 v zorn\u00e9m \u00fahlu i n\u011bkolik hodin v kuse a podv\u011bdom\u011b vn\u00edm\u00e1me jak jeho barvu a tvar, tak samoz\u0159ejm\u011b i p\u0159\u00edpadn\u00fd potisk. Kdybychom tedy kup\u0159\u00edkladu na hrnek nechali natisknout slovo \u201ev\u00e1lka\u201c, bude n\u00e1s neust\u00e1le podv\u011bdom\u011b propojovat s touto d\u011bsivou lidskou zku\u0161enost\u00ed, a tak se vyplat\u00ed b\u00fdt p\u0159i volb\u011b reklamn\u00edch p\u0159edm\u011bt\u016f s vlastn\u00edm potiskem promodarky.cz velmi pozorn\u00ed a proz\u00edrav\u00ed.Na t\u00e9matu potisku velmi z\u00e1le\u017e\u00edL\u00e1ska \u2013 l\u00e1ska je tak zprofanovan\u00fd v\u00fdraz, \u017ee jej n\u011bkte\u0159\u00ed lid\u00e9 nespr\u00e1vn\u011b ch\u00e1pou, anebo jej mnoz\u00ed zcela z\u00e1m\u011brn\u011b p\u0159ekrucuj\u00ed. P\u0159esto nen\u00ed l\u00e1sky nikdy dost a vyj\u00e1d\u0159it svou l\u00e1skyplnou energii a n\u00e1klonnost v\u016f\u010di druh\u00e9 osob\u011b je to nejkr\u00e1sn\u011bj\u0161\u00ed, \u010d\u00edm ji m\u016f\u017eeme obdarovat. Bu\u010fte v tomto sm\u011bru vynal\u00e9zav\u00ed a k t\u00e9matu l\u00e1sky p\u0159i\u0159azujte sv\u00e9 nejobl\u00edben\u011bj\u0161\u00ed fotografie, kdy se s n\u011bk\u00fdm obj\u00edm\u00e1te, l\u00edb\u00e1te, anebo se dr\u017e\u00edte za ruce. K l\u00e1sce tak\u00e9 pat\u0159\u00ed milostn\u00e1 vyzn\u00e1n\u00ed, a klidn\u011b m\u016f\u017eete pou\u017e\u00edt n\u011bkter\u00e9 ver\u0161e od zn\u00e1m\u00fdch b\u00e1sn\u00edk\u016f, nap\u0159\u00edklad od Jaroslava Vrchlick\u00e9ho \u201eZa trochu l\u00e1sky \u0161el bych sv\u011bta kraj\u201c.Horsk\u00e9 panorama \u2013 m\u00e1te r\u00e1di hory a va\u0161e fotografie horsk\u00fdch panoramat stoj\u00ed za publikov\u00e1n\u00ed? Pak si je m\u016f\u017eete nechat natisknout na hrnek po cel\u00e9m obvodu a darovat je v sad\u011b n\u011bkomu bl\u00edzk\u00e9mu. Kup\u0159\u00edkladu si zvol\u00edte b\u00edl\u00fd hrnek a panoramou Vysok\u00fdch Tater a k n\u011bmu \u010derven\u00fd hrnek s fotografi\u00ed tamn\u00ed fauny a fl\u00f3ry, s lu\u010dn\u00edmi kv\u011bty, kter\u00e9 na zelen\u00e9 travnat\u00e9 plo\u0161e kr\u00e1sn\u011b vyniknou v\u016f\u010di \u010derven\u00e9mu keramick\u00e9mu pozad\u00ed.Zv\u00ed\u0159ata \u2013 kde kdo si nech\u00e1 na hrnek vytisknout psa nebo ko\u010dku, ale co takovou fotografii va\u0161eho akv\u00e1ria nebo akvarijn\u00edch ryb? Anebo fotku va\u0161ich mor\u010dat, jak se pasou na tr\u00e1vn\u00edku? Takov\u00fd hrnek bude na va\u0161em pracovn\u00edm stole v zam\u011bstn\u00e1n\u00ed ur\u010dit\u011b zaj\u00edmavou ozdobou, nemysl\u00edte?                                                                                                                                                                                                                                                                                                                                                                                          4.6\/5 - (11 votes)        "},{"@context":"https:\/\/schema.org\/","@type":"BreadcrumbList","itemListElement":[{"@type":"ListItem","position":1,"name":"Reklamn\u00ed hrnky jako d\u00e1rek k V\u00e1noc\u016fm","item":"https:\/\/www.id2.cz\/reklamni-hrnky-jako-darek-k-vanocum\/#breadcrumbitem"}]}]