[{"@context":"https:\/\/schema.org\/","@type":"Article","@id":"https:\/\/www.id2.cz\/prakticke-kontejnery\/#Article","mainEntityOfPage":"https:\/\/www.id2.cz\/prakticke-kontejnery\/","headline":"Praktick\u00e9 kontejnery","name":"Praktick\u00e9 kontejnery","description":"Pokud tak\u00e9 m\u00e1te n\u011bjak\u00e9 zam\u011bstn\u00e1n\u00ed, kde pot\u0159ebujete n\u011bco skladovat, tak si mysl\u00edm, \u017ee se v\u00e1m tak\u00e9 bude hodit skladovac\u00ed kontejner, skl\u00e1dac\u00ed kontejner anebo tak\u00e9 skladovac\u00ed kontejner. M\u016f\u017eete ho vyu\u017e\u00edvat jak v zam\u011bstn\u00e1n\u00ed, tak tak\u00e9 samoz\u0159ejm\u011b doma. J\u00e1 sama jsem si \u0159ekla, \u017ee kdy\u017e jsem d\u0159\u00edve pracovala je\u0161t\u011b v \u017eelez\u00e1\u0159stv\u00ed a potom tak\u00e9 v zelenin\u011b, kde","datePublished":"2024-02-28","dateModified":"2024-04-02","author":{"@type":"Person","@id":"https:\/\/www.id2.cz\/author\/#Person","name":"","url":"https:\/\/www.id2.cz\/author\/","identifier":1,"image":{"@type":"ImageObject","@id":"https:\/\/secure.gravatar.com\/avatar\/4e6a74466e4227c12d5306875d08720cdfce3572213740db6f4a2e5e46e710ff?s=96&d=mm&r=g","url":"https:\/\/secure.gravatar.com\/avatar\/4e6a74466e4227c12d5306875d08720cdfce3572213740db6f4a2e5e46e710ff?s=96&d=mm&r=g","height":96,"width":96}},"publisher":{"@type":"Organization","name":"id2.cz","logo":{"@type":"ImageObject","@id":"\/logo.png","url":"\/logo.png","width":600,"height":60}},"image":{"@type":"ImageObject","@id":"https:\/\/www.id2.cz\/wp-content\/uploads\/container-489933_960_720.jpg","url":"https:\/\/www.id2.cz\/wp-content\/uploads\/container-489933_960_720.jpg","height":0,"width":0},"url":"https:\/\/www.id2.cz\/prakticke-kontejnery\/","about":["Zbo\u017e\u00ed"],"wordCount":388,"articleBody":"   Pokud tak\u00e9 m\u00e1te n\u011bjak\u00e9 zam\u011bstn\u00e1n\u00ed, kde pot\u0159ebujete n\u011bco skladovat, tak si mysl\u00edm, \u017ee se v\u00e1m tak\u00e9 bude hodit skladovac\u00ed kontejner, skl\u00e1dac\u00ed kontejner anebo tak\u00e9 skladovac\u00ed kontejner. M\u016f\u017eete ho vyu\u017e\u00edvat jak v zam\u011bstn\u00e1n\u00ed, tak tak\u00e9 samoz\u0159ejm\u011b doma. J\u00e1 sama jsem si \u0159ekla, \u017ee kdy\u017e jsem d\u0159\u00edve pracovala je\u0161t\u011b v \u017eelez\u00e1\u0159stv\u00ed a potom tak\u00e9 v zelenin\u011b, kde vlastn\u011b byly budovy spole\u010dn\u00e9. Tak jsme tak\u00e9 v zam\u011bstn\u00e1n\u00ed pou\u017e\u00edvali kvalitn\u00ed skl\u00e1dac\u00ed kontejnery. Nap\u0159\u00edklad tyto skl\u00e1dac\u00ed kontejnery byly nap\u0159\u00edklad tak\u00e9 stohovateln\u00e9, co\u017e se mi moc l\u00edbilo, tak\u017ee bylo skv\u011bl\u00e9, \u017ee pr\u00e1v\u011b v\u016fbec nikde nic nep\u0159e\u010duhovalo a mohli jsme tak\u00e9 potom tyto skl\u00e1dac\u00ed kontejnery d\u00e1vat na sebe.Bylo skv\u011bl\u00e9, \u017ee potom nikde nic nebylo jenom tak pohozen\u00e9, \u017ee se v\u0161echno skl\u00e1dalo na sebe a nikde nic nemuselo b\u00fdt pohozen\u00e9, co\u017e by potom tak\u00e9 bylo velice neefektivn\u00ed. Nem\u00e1m r\u00e1da nepo\u0159\u00e1dek, tak\u017ee jsem r\u00e1da, \u017ee existuj\u00ed skl\u00e1dac\u00ed kontejnery, do kter\u00fdch m\u016f\u017eete d\u00e1t opravdu cokoliv, aby to ne\u0161lo vid\u011bt. Tak\u00e9 hlavn\u011b dbejte na to, \u017ee ne v\u0161echno m\u016f\u017eete d\u00e1t do t\u011bchto skl\u00e1dac\u00edch kontejner\u016f. Nap\u0159\u00edklad bych si tak\u00e9 d\u00e1vala pozor, kdybych tam d\u00e1vala n\u011bjak\u00e9 \u010derstv\u00e9 potraviny anebo tak\u00e9 tekutiny. Nikdy nev\u00edte, jestli se v\u00e1m tam t\u0159eba nedostane my\u0161 anebo kv\u016fli proud\u011bn\u00ed vzduchu anebo vlhkosti. Nikdy nev\u00edte, jestli se v\u00e1m potom t\u0159eba n\u011bco tam nezkaz\u00ed a vy se t\u0159eba toho nev\u0161imnete. Potom to zkonzumujete a potom to nebude opravdu zdrav\u00e9. Proto bych tak\u00e9 doporu\u010dovala, abyste si prvn\u011b v\u0161echno ov\u011b\u0159ili, co tam budete skladovat, nebo jak to budete skladovat. M\u016f\u017eete si po\u0159\u00eddit tak\u00e9 v\u00edce skl\u00e1dac\u00edch kontejner\u016f, kter\u00e9 budete m\u00edt t\u0159eba na potraviny a druh\u00fd budete m\u00edt t\u0159eba na r\u016fzn\u00e9 v\u011bci. A ty v\u011bci, kde m\u00edt budete zam\u011bstnan\u00ed. Jako nap\u0159\u00edklad j\u00e1, kdy\u017e jsem byla v \u017eelez\u00e1\u0159stv\u00ed a tak podobn\u011b. My v \u017eelez\u00e1\u0159stv\u00ed jsme m\u011bli p\u011bt skl\u00e1dac\u00edch kontejner\u016f a byli jsme s nimi v\u0161ichni spokojeni.                                                                                                                                                                                                                                                                                                                                                                                           3.8\/5 - (5 votes)        "},{"@context":"https:\/\/schema.org\/","@type":"BreadcrumbList","itemListElement":[{"@type":"ListItem","position":1,"name":"Praktick\u00e9 kontejnery","item":"https:\/\/www.id2.cz\/prakticke-kontejnery\/#breadcrumbitem"}]}]