[{"@context":"https:\/\/schema.org\/","@type":"Article","@id":"https:\/\/www.id2.cz\/nacerpat-energiu\/#Article","mainEntityOfPage":"https:\/\/www.id2.cz\/nacerpat-energiu\/","headline":"Na\u010derpa\u0165 energiu","name":"Na\u010derpa\u0165 energiu","description":"Ka\u017ed\u00fd z\u00a0n\u00e1s m\u00e1 ur\u010dite nie\u010do, \u010do mu za ka\u017ed\u00fdch okolnost\u00ed dok\u00e1\u017ee doda\u0165 potrebn\u00fa energiu. Niekomu sta\u010d\u00ed k\u00fapi\u0165 si nie\u010do na seba, in\u00fd zase \u0165a\u017e\u00ed z\u00a0pr\u00edtomnosti toho druh\u00e9ho, alebo aj \u010derstvo naroden\u00e9 die\u0165a dok\u00e1\u017ee vz\u0165ahu energiu nielen doda\u0165, ale aj zobra\u0165. M\u0148a v\u017edy zaru\u010dene vzpru\u017e\u00ed de\u0148 a\u017e dva bez ka\u017edodenn\u00fdch povinnost\u00ed, ke\u010f sa m\u00f4\u017eem len tak","datePublished":"2024-01-24","dateModified":"2024-01-24","author":{"@type":"Person","@id":"https:\/\/www.id2.cz\/author\/#Person","name":"","url":"https:\/\/www.id2.cz\/author\/","identifier":1,"image":{"@type":"ImageObject","@id":"https:\/\/secure.gravatar.com\/avatar\/4e6a74466e4227c12d5306875d08720cdfce3572213740db6f4a2e5e46e710ff?s=96&d=mm&r=g","url":"https:\/\/secure.gravatar.com\/avatar\/4e6a74466e4227c12d5306875d08720cdfce3572213740db6f4a2e5e46e710ff?s=96&d=mm&r=g","height":96,"width":96}},"publisher":{"@type":"Organization","name":"id2.cz","logo":{"@type":"ImageObject","@id":"\/logo.png","url":"\/logo.png","width":600,"height":60}},"url":"https:\/\/www.id2.cz\/nacerpat-energiu\/","wordCount":241,"articleBody":"Ka\u017ed\u00fd z\u00a0n\u00e1s m\u00e1 ur\u010dite nie\u010do, \u010do mu za ka\u017ed\u00fdch okolnost\u00ed dok\u00e1\u017ee doda\u0165 potrebn\u00fa energiu. Niekomu sta\u010d\u00ed k\u00fapi\u0165 si nie\u010do na seba, in\u00fd zase \u0165a\u017e\u00ed z\u00a0pr\u00edtomnosti toho druh\u00e9ho, alebo aj \u010derstvo naroden\u00e9 die\u0165a dok\u00e1\u017ee vz\u0165ahu energiu nielen doda\u0165, ale aj zobra\u0165. M\u0148a v\u017edy zaru\u010dene vzpru\u017e\u00ed de\u0148 a\u017e dva bez ka\u017edodenn\u00fdch povinnost\u00ed, ke\u010f sa m\u00f4\u017eem len tak poneviera\u0165 po kaviar\u0148ach, \u010d\u00edta\u0165 knihy a\u00a0pozorova\u0165 \u017eivot.\tNebojte sa vysok\u00fdch cie\u013eovT\u00ed, ktor\u00ed ma maj\u00fa radi, mi raz za \u010das tak\u00fdto relax dopraj\u00fa, preto\u017ee vedia, \u017ee sa v\u017edy vr\u00e1tim ku ka\u017edodennej rutine ako vymenen\u00e1. Ale s\u00fa aj ur\u010dit\u00e9 konkr\u00e9tne d\u00e1tumy, ktor\u00e9 u\u017e z\u00a0podstaty pon\u00fakaj\u00fa nov\u00fa energiu. Jedn\u00fdm z\u00a0nich je prv\u00fd janu\u00e1r, od ktor\u00e9ho mnoh\u00ed z\u00a0n\u00e1s zase za\u010d\u00ednaj\u00fa by\u0165 lep\u0161\u00ed, zdrav\u0161\u00ed, \u010di \u0161t\u00edhlej\u0161\u00ed. Mnoh\u00ed preto urobia v\u0161etko, \u010do je v\u00a0ich sil\u00e1ch,\u00a0v\u00fdsledok sa dostav\u00ed a\u00a0s\u00a0n\u00edm aj neodolate\u013en\u00fd dobr\u00fd pocit. Prajem to ka\u017ed\u00e9mu, preto s\u00fa v\u00a0tomto duchu aj novoro\u010denky, ktor\u00e9 pr\u00e1ve v\u00a0t\u00fdchto d\u0148och vym\u00fd\u0161\u013eam a\u00a0v decembri posielam zn\u00e1mym a\u00a0bl\u00edzkym. Ak by sme toti\u017e st\u00e1le iba stagnovali a\u00a0nemali \u017eiadne ciele, hoci aj privysok\u00e9, m\u00f4\u017eeme to rovno zabali\u0165, \u010do poviete?                                                                                                                                                                                                                                                                                                                                                                                        4.4\/5 - (11 votes)        "},{"@context":"https:\/\/schema.org\/","@type":"BreadcrumbList","itemListElement":[{"@type":"ListItem","position":1,"name":"Na\u010derpa\u0165 energiu","item":"https:\/\/www.id2.cz\/nacerpat-energiu\/#breadcrumbitem"}]}]