[{"@context":"https:\/\/schema.org\/","@type":"Article","@id":"https:\/\/www.id2.cz\/kurt-je-vas-nejvetsi-kamarad\/#Article","mainEntityOfPage":"https:\/\/www.id2.cz\/kurt-je-vas-nejvetsi-kamarad\/","headline":"Kurt je V\u00e1\u0161 nejv\u011bt\u0161\u00ed kamar\u00e1d","name":"Kurt je V\u00e1\u0161 nejv\u011bt\u0161\u00ed kamar\u00e1d","description":"Tenis on line bude rovn\u011b\u017e V\u00e1\u0161 kamar\u00e1d, proto\u017ee jste ji\u017e n\u011bkolik let aktivn\u00edm hr\u00e1\u010dem tohoto sportu, kter\u00fd je st\u00e1le v\u00edce popul\u00e1rn\u00ed a obl\u00edben\u00fd. Ur\u010dit\u011b ocen\u00edte, \u017ee si po n\u00e1ro\u010dn\u00e9m pracovn\u00edm dnu m\u016f\u017eete j\u00edt s kamar\u00e1dy t\u0159eba zahr\u00e1t \u010dty\u0159hru na n\u011bjak\u00fd V\u00e1\u0161 obl\u00edben\u00fd a hodn\u011b nav\u0161t\u011bvovan\u00fd kurt, kde se ji\u017e prost\u011b c\u00edt\u00edte jako doma. M\u00e1te zde","datePublished":"2025-09-04","dateModified":"2025-09-04","author":{"@type":"Person","@id":"https:\/\/www.id2.cz\/author\/#Person","name":"","url":"https:\/\/www.id2.cz\/author\/","identifier":1,"image":{"@type":"ImageObject","@id":"https:\/\/secure.gravatar.com\/avatar\/4e6a74466e4227c12d5306875d08720cdfce3572213740db6f4a2e5e46e710ff?s=96&d=mm&r=g","url":"https:\/\/secure.gravatar.com\/avatar\/4e6a74466e4227c12d5306875d08720cdfce3572213740db6f4a2e5e46e710ff?s=96&d=mm&r=g","height":96,"width":96}},"publisher":{"@type":"Organization","name":"id2.cz","logo":{"@type":"ImageObject","@id":"\/logo.png","url":"\/logo.png","width":600,"height":60}},"url":"https:\/\/www.id2.cz\/kurt-je-vas-nejvetsi-kamarad\/","wordCount":197,"articleBody":"Tenis on line bude rovn\u011b\u017e V\u00e1\u0161 kamar\u00e1d, proto\u017ee jste ji\u017e n\u011bkolik let aktivn\u00edm hr\u00e1\u010dem tohoto sportu, kter\u00fd je st\u00e1le v\u00edce popul\u00e1rn\u00ed a obl\u00edben\u00fd. Ur\u010dit\u011b ocen\u00edte, \u017ee si po n\u00e1ro\u010dn\u00e9m pracovn\u00edm dnu m\u016f\u017eete j\u00edt s kamar\u00e1dy t\u0159eba zahr\u00e1t \u010dty\u0159hru na n\u011bjak\u00fd V\u00e1\u0161 obl\u00edben\u00fd a hodn\u011b nav\u0161t\u011bvovan\u00fd kurt, kde se ji\u017e prost\u011b c\u00edt\u00edte jako doma. M\u00e1te zde ve\u0161ker\u00e9 pot\u0159ebn\u00e9 z\u00e1zem\u00ed a v\u0161ichni V\u00e1s zde ji\u017e znaj\u00ed, proto\u017ee jste zde st\u00e1l\u00ed host\u00e9. S raketou ob\u010das i us\u00edn\u00e1te  Tenis on line si V\u00e1s jist\u011b velmi brzy z\u00edsk\u00e1, proto\u017ee prost\u011b s raketou ob\u010das i us\u00edn\u00e1te. Va\u0161e man\u017eelka mo\u017en\u00e1 sice nen\u00ed zrovna nad\u0161en\u00e1, proto\u017ee na kurtu tr\u00e1v\u00edte v\u011bt\u0161inu Va\u0161eho voln\u00e9ho \u010dasu, ale Vy j\u00ed zcela ur\u010dit\u011b vhodn\u011b oponujete, \u017ee alespo\u0148 nevysed\u00e1v\u00e1te v hospod\u011b u piva. M\u016f\u017eete se j\u00ed pochlubit kr\u00e1sn\u011b vypracovan\u00fdm t\u011blem a skv\u011blou fyzickou kondic\u00ed, kter\u00e1 nen\u00ed k zahozen\u00ed.                                                                                                                                                                                                                                                                                                                                                                                                "},{"@context":"https:\/\/schema.org\/","@type":"BreadcrumbList","itemListElement":[{"@type":"ListItem","position":1,"name":"Kurt je V\u00e1\u0161 nejv\u011bt\u0161\u00ed kamar\u00e1d","item":"https:\/\/www.id2.cz\/kurt-je-vas-nejvetsi-kamarad\/#breadcrumbitem"}]}]