[{"@context":"https:\/\/schema.org\/","@type":"Article","@id":"https:\/\/www.id2.cz\/kdyz-babicky-nevedi\/#Article","mainEntityOfPage":"https:\/\/www.id2.cz\/kdyz-babicky-nevedi\/","headline":"Kdy\u017e babi\u010dky nev\u011bd\u00ed","name":"Kdy\u017e babi\u010dky nev\u011bd\u00ed","description":"Kdy\u017e babi\u010dky nev\u011bd\u00ed a d\u011bde\u010dci jim nenapov\u00ed, maminky jist\u011b porad\u00ed, kde je nejlep\u0161\u00ed vybrat d\u011btsk\u00e9 n\u00e1u\u0161nice pro novou princezni\u010dku v rodin\u011b, kter\u00e1 se m\u00e1 \u010dile k sv\u011btu. Ano, u n\u00e1s babi\u010dka, prababi\u010dka ba i teti\u010dka s pusou otev\u0159enou s\u00e1hnou zcela jist\u011b po kam\u00ednku, jen\u017e ozdob\u00ed va\u0161i dceru\u0161ku. Nezapome\u0148te jim ale v\u010das napov\u011bd\u011bt, v\u017edy\u0165 u n\u00e1s","datePublished":"2025-04-26","dateModified":"2025-04-26","author":{"@type":"Person","@id":"https:\/\/www.id2.cz\/author\/#Person","name":"","url":"https:\/\/www.id2.cz\/author\/","identifier":1,"image":{"@type":"ImageObject","@id":"https:\/\/secure.gravatar.com\/avatar\/4e6a74466e4227c12d5306875d08720cdfce3572213740db6f4a2e5e46e710ff?s=96&d=mm&r=g","url":"https:\/\/secure.gravatar.com\/avatar\/4e6a74466e4227c12d5306875d08720cdfce3572213740db6f4a2e5e46e710ff?s=96&d=mm&r=g","height":96,"width":96}},"publisher":{"@type":"Organization","name":"id2.cz","logo":{"@type":"ImageObject","@id":"\/logo.png","url":"\/logo.png","width":600,"height":60}},"url":"https:\/\/www.id2.cz\/kdyz-babicky-nevedi\/","wordCount":180,"articleBody":"Kdy\u017e babi\u010dky nev\u011bd\u00ed a d\u011bde\u010dci jim nenapov\u00ed, maminky jist\u011b porad\u00ed, kde je nejlep\u0161\u00ed vybrat d\u011btsk\u00e9 n\u00e1u\u0161nice pro novou princezni\u010dku v rodin\u011b, kter\u00e1 se m\u00e1 \u010dile k sv\u011btu. Ano, u n\u00e1s babi\u010dka, prababi\u010dka ba i teti\u010dka s pusou otev\u0159enou s\u00e1hnou zcela jist\u011b po kam\u00ednku, jen\u017e ozdob\u00ed va\u0161i dceru\u0161ku. Nezapome\u0148te jim ale v\u010das napov\u011bd\u011bt, v\u017edy\u0165 u n\u00e1s nakoup\u00edte u\u017e pro mal\u00e9 miminko. \u017dlut\u00e1, zelen\u00e1, \u010derven\u00e1, oran\u017eov\u00e1 P\u0159ipom\u00edn\u00e1 v\u00e1m v\u00fd\u010det barvy duhy? Ale jist\u011b, tyto i dal\u0161\u00ed barvi\u010dky zdob\u00ed kam\u00ednky na\u0161ich \u0161perk\u016f z b\u00edl\u00e9ho a \u017elut\u00e9ho zlata. Nechte va\u0161e babi\u010dky, d\u011bde\u010dky, ale samoz\u0159ejm\u011b i teti\u010dky vyb\u00edrat z na\u0161\u00ed pestr\u00e9 kolekce. A my jim k tomu je\u0161t\u011b d\u00e1me d\u00e1re\u010dek zdarma. Ano je to tak, ke ka\u017ed\u00e9mu na\u0161emu \u0161perku pro va\u0161i hol\u010di\u010dku jedine\u010dn\u00e1 origin\u00e1ln\u00ed krabi\u010dka zdarma na pam\u00e1tku.                                                                                                                                                                                                                                                                                                                                                                                                "},{"@context":"https:\/\/schema.org\/","@type":"BreadcrumbList","itemListElement":[{"@type":"ListItem","position":1,"name":"Kdy\u017e babi\u010dky nev\u011bd\u00ed","item":"https:\/\/www.id2.cz\/kdyz-babicky-nevedi\/#breadcrumbitem"}]}]